{"provider_url": "http://sapl.camaraariranha.sp.gov.br", "title": "AUDI\u00caNCIA P\u00daBLICA", "html": "<div class=\"visualClear\" style=\"text-align: justify; \">O Vereador Valdomiro Braz da Silva, Presidente da Comiss\u00e3o de Finan\u00e7as e Or\u00e7amento da C\u00e2mara de Ariranha, Estado de S\u00e3o Paulo, tem a honra de convidar a comunidade ariranhense para participar de AUDI\u00caNCIA P\u00daBLICA, a realizar-se no dia 24 de maio de 2021, \u00e0s 18h, na Sala das Sess\u00f5es da C\u00e2mara de Vereadores de Ariranha, \u00e0 Rua Bar\u00e3o do Rio Branco, n\u00ba 414, em cumprimento ao disposto no 4\u00ba do artigo 9\u00ba da Lei Complementar n\u00ba 101, de 04 de maio de 2000 (LRF), no qual estabelece que: \u201cat\u00e9 o final dos meses de maio, setembro e fevereiro, o Poder Executivo demonstrar\u00e1 e avaliar\u00e1 o cumprimento das metas fiscais de cada quadrimestre, em audi\u00eancia p\u00fablica na comiss\u00e3o referida 1\u00ba do artigo 166 da Constitui\u00e7\u00e3o ou equivalente nas Casas Legislativas estaduais e municipais\u201d.</div>\r\n<div class=\"visualClear\" style=\"text-align: justify; \"></div>\r\n<div class=\"visualClear\" style=\"text-align: justify; \">Trata-se de assunto de extrema import\u00e2ncia para o desenvolvimento do Munic\u00edpio, em que o objetivo principal \u00e9 promover a discuss\u00e3o entre os Poderes Executivo e Legislativo, bem como com os mun\u00edcipes, dando ampla transpar\u00eancia aos atos da administra\u00e7\u00e3o, uma das principais metas da Lei de Responsabilidade Fiscal.</div>", "author_name": "", "version": "1.0", "author_url": "http://sapl.camaraariranha.sp.gov.br/author/assessoria.cm", "provider_name": "C\u00e2mara Municipal de Ariranha/SP", "type": "rich"}